{"id":481369,"date":"2024-08-20T11:40:39","date_gmt":"2024-08-20T09:40:39","guid":{"rendered":"https:\/\/konopljazdravi.si\/?p=481369"},"modified":"2024-09-19T17:38:21","modified_gmt":"2024-09-19T15:38:21","slug":"autizam","status":"publish","type":"post","link":"https:\/\/konopljazdravi.si\/hr\/bolesti\/autizam\/","title":{"rendered":"Autizam: Test, znakovi, lije\u010denje i dijagnoza [Djeca, Odrasli]"},"content":{"rendered":"\n<figure class=\"wp-block-image size-large\"><img decoding=\"async\" width=\"1024\" height=\"538\" src=\"https:\/\/konopljazdravi.si\/app\/uploads\/2023\/11\/Avtizem-1024x538.jpg\" alt=\"Naslovna fotografija sa srcem za autizam\" class=\"wp-image-448177\" srcset=\"https:\/\/konopljazdravi.si\/app\/uploads\/2023\/11\/Avtizem-1024x538.jpg 1024w, https:\/\/konopljazdravi.si\/app\/uploads\/2023\/11\/Avtizem-416x218.jpg 416w, https:\/\/konopljazdravi.si\/app\/uploads\/2023\/11\/Avtizem-300x158.jpg 300w, https:\/\/konopljazdravi.si\/app\/uploads\/2023\/11\/Avtizem-768x403.jpg 768w, https:\/\/konopljazdravi.si\/app\/uploads\/2023\/11\/Avtizem-1080x567.jpg 1080w, https:\/\/konopljazdravi.si\/app\/uploads\/2023\/11\/Avtizem-610x320.jpg 610w, https:\/\/konopljazdravi.si\/app\/uploads\/2023\/11\/Avtizem-600x315.jpg 600w, https:\/\/konopljazdravi.si\/app\/uploads\/2023\/11\/Avtizem.jpg 1200w\" sizes=\"(max-width: 1024px) 100vw, 1024px\" \/><\/figure>\n\n\n\n<p>U vodi\u010du \u0107emo pobli\u017ee prou\u010diti autizam. Koji su znakovi, mo\u017eemo li napraviti pretragu i kako lije\u010dnik postavlja dijagnozu, te kako se provodi lije\u010denje.<\/p>\n\n\n\n<h2 class=\"wp-block-heading\">\u0160to je autizam i tko je to\u010dno autist?<\/h2>\n\n\n\n<p>Autizam je cjelo\u017eivotni razvojni poreme\u0107aj koji se najvi\u0161e o\u010dituje u problemima komunikacije i pona\u0161anja.<\/p>\n\n\n\n<p>Svaki pojedinac iz spektra autizma ima problema sa socijalnom interakcijom, empatijom, komunikacijom i prilagodbom drugima. U razgovoru s njima dosta je uo\u010dljiva njihova&nbsp;<strong>nesposobnost da se stave u ko\u017eu druge osobe.<\/strong><\/p>\n\n\n\n<p>Tako\u0111er imaju vidljive probleme s izra\u017eavanjem gestikulacijom i mimikom. Uglavnom \u0107e pak pod svaku cijenu izbjegavati blizinu i&nbsp;<strong>dodir druge osobe<\/strong>.<\/p>\n\n\n\n<p>Stupanj smetnje i kombinacija simptoma uvelike varira od osobe do osobe. Neki autisti\u010dni ljudi govore bez problema, dok drugi to uop\u0107e ne mogu. Dvoje djece koja mogu imati istu dijagnozu mogu imati vrlo razli\u010dito pona\u0161anje i sposobnosti.<\/p>\n\n\n\n<p>Ako ste roditelj djeteta s poreme\u0107ajem iz autisti\u010dnog spektra, mo\u017eete \u010duti nekoliko razli\u010ditih pojmova, uklju\u010duju\u0107i visokofunkcionalni autizam, atipi\u010dni autizam, poreme\u0107aj iz autisti\u010dnog spektra i pervazivni razvojni poreme\u0107aj.<\/p>\n\n\n\n<p>Ovi izrazi mogu biti zbunjuju\u0107i, ne samo zato \u0161to ih ima toliko, ve\u0107 i zato \u0161to ih lije\u010dnici, terapeuti i drugi roditelji mogu koristiti na razli\u010dite na\u010dine.<\/p>\n\n\n\n<h3 class=\"wp-block-heading\">Vrste autizma: Zabuna u nazivu<\/h3>\n\n\n\n<figure class=\"wp-block-image size-full\"><img decoding=\"async\" width=\"800\" height=\"300\" src=\"https:\/\/konopljazdravi.si\/app\/uploads\/2023\/11\/znak2.jpg\" alt=\"\" class=\"wp-image-448190\" srcset=\"https:\/\/konopljazdravi.si\/app\/uploads\/2023\/11\/znak2.jpg 800w, https:\/\/konopljazdravi.si\/app\/uploads\/2023\/11\/znak2-416x156.jpg 416w, https:\/\/konopljazdravi.si\/app\/uploads\/2023\/11\/znak2-300x113.jpg 300w, https:\/\/konopljazdravi.si\/app\/uploads\/2023\/11\/znak2-768x288.jpg 768w, https:\/\/konopljazdravi.si\/app\/uploads\/2023\/11\/znak2-610x229.jpg 610w, https:\/\/konopljazdravi.si\/app\/uploads\/2023\/11\/znak2-600x225.jpg 600w\" sizes=\"(max-width: 800px) 100vw, 800px\" \/><\/figure>\n\n\n\n<p>Donedavno su stru\u010dnjaci koristili razli\u010dite termine, no danas \u0107emo vrlo \u010desto \u010duti termin p<strong>oreme\u0107aj iz autisti\u010dnog spektra<\/strong>. Razlog \u2013 ponekad je te\u0161ko kategorizirati jer nijedna autisti\u010dna osoba nije ista.<\/p>\n\n\n\n<p>Ipak, dobro je znati naj\u010de\u0161\u0107a uobi\u010dajena svojstva sortiranja po imenu:<\/p>\n\n\n\n<ul class=\"wp-block-list\">\n<li>Aspbergerov sindrom<\/li>\n\n\n\n<li>Pervazivni razvojni poreme\u0107aj koji nije druga\u010dije specificiran<\/li>\n\n\n\n<li>Autisti\u010dni poreme\u0107aj ili klasi\u010dni autizam<\/li>\n<\/ul>\n\n\n\n<h4 class=\"wp-block-heading\">Aspergerov sindrom<\/h4>\n\n\n\n<p>Aspbergerov sindrom, koji se ponekad naziva visokofunkcionalni autizam ili blagi autizam. PDD-NOS ili atipi\u010dni autizam su manje ozbiljne varijante.<\/p>\n\n\n\n<p class=\"tw-data-text tw-text-large tw-ta\" id=\"tw-target-text\"><span class=\"Y2IQFc\" lang=\"hr\">Ljudi mogu biti vrlo inteligentni i <strong>sposobni za normalan \u017eivot.<\/strong> U principu su dosta fokusirani na teme koje ih zabavljaju. U drugim zadacima, me\u0111utim, mogu imati problema s motivacijom zbog kontra u\u010dinka.<\/span><\/p>\n\n\n\n<p>Student o Aspbergerovom sindromu: problemi s kojima se suo\u010dava<\/p>\n\n\n\n<figure class=\"wp-block-embed is-type-video is-provider-youtube wp-block-embed-youtube wp-embed-aspect-16-9 wp-has-aspect-ratio\"><div class=\"wp-block-embed__wrapper\">\n<iframe title=\"Infodrom: 14-letni Alja\u017e ima Aspergerjev sindrom\" width=\"980\" height=\"551\" src=\"https:\/\/www.youtube.com\/embed\/O47r23GgGaI?feature=oembed\" frameborder=\"0\" allow=\"accelerometer; autoplay; clipboard-write; encrypted-media; gyroscope; picture-in-picture; web-share\" referrerpolicy=\"strict-origin-when-cross-origin\" allowfullscreen><\/iframe>\n<\/div><\/figure>\n\n\n\n<p>No, problema u dru\u0161tvenom \u017eivotu i dalje ima.<\/p>\n\n\n\n<h4 class=\"wp-block-heading\">Pervazivni razvojni poreme\u0107aj<\/h4>\n\n\n\n<p>Ovom vrstom dijagnostike obuhva\u0107ena su ne\u0161to manje funkcionalna djeca. Oni koji se ne mogu klasificirati kao Aspbergerov sindrom. Ova klasifikacija uklju\u010duje malo \u0161iri raspon simptoma.<\/p>\n\n\n\n<h4 class=\"wp-block-heading\">Autisti\u010dni poreme\u0107aj ili klasi\u010dni autizam<\/h4>\n\n\n\n<p>Me\u0111utim, stru\u010dnjaci su uklju\u010dili i djecu \u010diji su simptomi bili jo\u0161 gori. Ovaj se oblik smatrao jo\u0161 te\u017eim.<\/p>\n\n\n\n<p class=\"tw-data-text tw-text-large tw-ta\" id=\"tw-target-text\"><span class=\"Y2IQFc\" lang=\"hr\"><strong>Destruktivni poreme\u0107aj u djetinjstvu i Rettov sindrom<\/strong> tako\u0111er su me\u0111u \u010de\u0161\u0107im razvojnim poreme\u0107ajima. Budu\u0107i da su obje iznimno rijetke genetske bolesti, obi\u010dno se o njima razmi\u0161lja kao o zasebnim medicinskim stanjima koja se ba\u0161 ne uklapaju u spektar.<\/span><\/p>\n\n\n\n<h2 class=\"wp-block-heading\">Znakovi autizma kod djece razli\u010dite dobi<\/h2>\n\n\n\n<figure class=\"wp-block-image size-full\"><img decoding=\"async\" width=\"800\" height=\"300\" src=\"https:\/\/konopljazdravi.si\/app\/uploads\/2023\/11\/otrok.jpg\" alt=\"dijete i majka\n\" class=\"wp-image-448182\" srcset=\"https:\/\/konopljazdravi.si\/app\/uploads\/2023\/11\/otrok.jpg 800w, https:\/\/konopljazdravi.si\/app\/uploads\/2023\/11\/otrok-416x156.jpg 416w, https:\/\/konopljazdravi.si\/app\/uploads\/2023\/11\/otrok-300x113.jpg 300w, https:\/\/konopljazdravi.si\/app\/uploads\/2023\/11\/otrok-768x288.jpg 768w, https:\/\/konopljazdravi.si\/app\/uploads\/2023\/11\/otrok-610x229.jpg 610w, https:\/\/konopljazdravi.si\/app\/uploads\/2023\/11\/otrok-600x225.jpg 600w\" sizes=\"(max-width: 800px) 100vw, 800px\" \/><\/figure>\n\n\n\n<p>Kako ga prepoznati?<\/p>\n\n\n\n<p class=\"tw-data-text tw-text-large tw-ta\" id=\"tw-target-text\"><span class=\"Y2IQFc\" lang=\"hr\">Ako va\u0161e dijete pokazuje znakove zaostajanja u razvoju ili druga pona\u0161anja koja sli\u010de autizmu, morat \u0107ete <strong>posjetiti lije\u010dnika<\/strong> ili klini\u010dkog psihologa koji je specijaliziran za dijagnosti\u010dko testiranje radi temeljite <strong>procjene<\/strong>. Lije\u010dnik vam mo\u017ee pomo\u0107i utvrditi je li autizam prisutan kod djece i gdje se dijete nalazi u spektru.<\/span><\/p>\n\n\n\n<p class=\"tw-data-text tw-text-large tw-ta\" id=\"tw-target-text\"><span class=\"Y2IQFc\" lang=\"hr\">Znakovi mogu\u0107eg poreme\u0107aja iz autisti\u010dnog spektra mogu se <strong>pojaviti u razli\u010dito vrijem<\/strong>e, a u nastavku su navedeni naj\u010de\u0161\u0107i vremenski okviri i karakteristike.<\/span><\/p>\n\n\n\n<p>Prisutnost jednog ili vi\u0161e znakova nije nu\u017eno pokazatelj autizma.<\/p>\n\n\n\n<h3 class=\"wp-block-heading\">Dru\u0161tveno pona\u0161anje i socijalno razumijevanje<\/h3>\n\n\n\n<p>Na prvi pogled bi nam takvo dijete moglo djelovati prili\u010dno hladno, mogli bismo pomisliti, da nam takav prijatelj ne treba ni njegovim vr\u0161njacima.<\/p>\n\n\n\n<p><strong>Prvi znakovi autizma kod bebe mogu biti sljede\u0107i<\/strong> [<a href=\"https:\/\/www.cdc.gov\/ncbddd\/autism\/signs.html\" target=\"_blank\" rel=\"noopener\">izvor<\/a>]:<\/p>\n\n\n\n<ul class=\"wp-block-list\">\n<li>Izbjegavanje kontakta o\u010dima postaje vidljivo u dobi od 6 mjeseci<\/li>\n\n\n\n<li>Ponavljaju\u0107i pokreti tijela postaju vidljivi sa 6 mjeseci (mahanje rukama, ljuljanje, vrtnja)<\/li>\n\n\n\n<li>Do 9 mjeseca starosti ne odazivaju se na svoje ime<\/li>\n\n\n\n<li>Na licu bebe ne opa\u017eamo znakove radosti, ljutnje, tuge ili iznena\u0111enja. Tako\u0111er do 9. mjeseca.<\/li>\n\n\n\n<li>Koristi vrlo malo ili nimalo gestikulacija do 12. mjeseca (ne ma\u0161e za pozdrav)<\/li>\n<\/ul>\n\n\n\n<p class=\"tw-data-text tw-text-large tw-ta\" id=\"tw-target-text\"><strong><span class=\"Y2IQFc\" lang=\"hr\">Rani znakovi autizma kod djece:<\/span><\/strong><\/p>\n\n\n\n<ul class=\"wp-block-list\">\n<li>Ne pokazuje interes za druge do 15. mjeseca (ne pokazuje na stvari)<\/li>\n\n\n\n<li>Do 18. mjeseca ne donosi igra\u010dke da ih poka\u017ee<\/li>\n\n\n\n<li>Tek nakon 24. mjeseca uspijeva shvatiti da je bliska osoba ljuta ili povrije\u0111ena<\/li>\n\n\n\n<li>Izme\u0111u 24. i 36. mjeseca javlja se zaokupljenost uskom temom<\/li>\n\n\n\n<li>Do 36. mjeseca ne primje\u0107uje i ne uklju\u010duje se u igru \u200b\u200bdruge djece<\/li>\n\n\n\n<li>Ne pretvara se da je druga osoba ili \u017eivotinja do 48. mjeseca<\/li>\n\n\n\n<li>Ne pjeva, ple\u0161e do 60. mjeseca.<\/li>\n<\/ul>\n\n\n\n<h3 class=\"wp-block-heading\">Njihovi interesi i pona\u0161anje<\/h3>\n\n\n\n<p>Dolje navedeni znakovi mogu biti manje uo\u010dljivi kod neke djece nego kod druge. Ovi znakovi nisu vidljivi kod beba, ali se naj\u010de\u0161\u0107e javljaju u razdoblju kad po\u010dinju hodati.<\/p>\n\n\n\n<ul class=\"wp-block-list\">\n<li>U dobi od 24 mjeseci, djeca po\u010dinju slagati predmete u niz, promjena ih mo\u017ee uzrujati<\/li>\n\n\n\n<li>Izra\u017eeno ili produljeno ponavljanje rije\u010di izme\u0111u 24. i 36. mjeseca<\/li>\n\n\n\n<li>Djeca s autizmom \u0107e razviti isti na\u010din igre s igra\u010dkama izme\u0111u 12. i 24. mjeseca<\/li>\n\n\n\n<li>Autisti\u010dne osobe mogu se uzrujati zbog manjih promjena i imati problema s prilagodbom. Postaje vidljiv od 24. mjeseca nadalje<\/li>\n\n\n\n<li>Izme\u0111u 36. i 48. mjeseca razvijaju interes za dublju igru, po\u010dinju se zanimati za u\u017ee podru\u010dje (karte, registarske plo\u010dice, sportska statistika)<\/li>\n\n\n\n<li>Razli\u010dito reagiraju na podra\u017eaje iz okoline (miris, sluh, okus) izme\u0111u 12. i 36. mjeseca ili su ravnodu\u0161ni na bol<\/li>\n\n\n\n<li>Izme\u0111u 24. i 36. mjeseca fasciniraju ih rotiranje pojedinih dijelova igra\u010dke, npr. kota\u010di vlaka<\/li>\n<\/ul>\n\n\n\n<figure class=\"wp-block-image size-full\"><img decoding=\"async\" width=\"800\" height=\"300\" src=\"https:\/\/konopljazdravi.si\/app\/uploads\/2023\/11\/otrok-krici.jpg\" alt=\"dijete koje vri\u0161ti\" class=\"wp-image-448184\" srcset=\"https:\/\/konopljazdravi.si\/app\/uploads\/2023\/11\/otrok-krici.jpg 800w, https:\/\/konopljazdravi.si\/app\/uploads\/2023\/11\/otrok-krici-416x156.jpg 416w, https:\/\/konopljazdravi.si\/app\/uploads\/2023\/11\/otrok-krici-300x113.jpg 300w, https:\/\/konopljazdravi.si\/app\/uploads\/2023\/11\/otrok-krici-768x288.jpg 768w, https:\/\/konopljazdravi.si\/app\/uploads\/2023\/11\/otrok-krici-610x229.jpg 610w, https:\/\/konopljazdravi.si\/app\/uploads\/2023\/11\/otrok-krici-600x225.jpg 600w\" sizes=\"(max-width: 800px) 100vw, 800px\" \/><\/figure>\n\n\n\n<h3 class=\"wp-block-heading\">Uobi\u010dajeni povezani problemi<\/h3>\n\n\n\n<p>Ovi se problemi mogu pojaviti i mogu nestati u razli\u010ditim razdobljima \u017eivota. Ne treba ih olako shva\u0107ati jer mogu biti<strong> razlog kra\u0107eg \u017eivota autisti\u010dnih osoba<\/strong> (uglavnom zbog epilepsije i samoubojstava). [<a href=\"https:\/\/www.ncbi.nlm.nih.gov\/pmc\/articles\/PMC6713622\/\" target=\"_blank\" rel=\"noopener\">izvor<\/a>]<\/p>\n\n\n\n<p class=\"tw-data-text tw-text-large tw-ta\" id=\"tw-target-text\"><span class=\"Y2IQFc\" lang=\"hr\"><strong>Popis:<\/strong> [<a href=\"https:\/\/www.autismspeaks.org\/science-news\/autism-and-health-special-report-autism-speaks\" target=\"_blank\" rel=\"noopener\">izvor<\/a>]<\/span><\/p>\n\n\n\n<ul class=\"wp-block-list\">\n<li>Odgo\u0111eni problemi s govorom (mo\u017ee se dogoditi i da dijete ne govori)<\/li>\n\n\n\n<li>Zaka\u0161njeli razvoj motori\u010dkih sposobnosti<\/li>\n\n\n\n<li>Odgo\u0111eno razmi\u0161ljanje i sposobnosti u\u010denja<\/li>\n\n\n\n<li><p id=\"tw-target-text\" class=\"tw-data-text tw-text-large tw-ta\" dir=\"ltr\" data-placeholder=\"\u041f\u0440\u0435\u0432\u043e\u0434\" data-ved=\"2ahUKEwjuvu7Gk9uEAxVRgv0HHa4HAUEQ3ewLegQIEBAU\"><a href=\"https:\/\/konopljazdravi.si\/hr\/bolesti\/epilepsija\/\"><span class=\"Y2IQFc\" lang=\"hr\">Epilepti\u010dki napadi<\/span><\/a><\/p><\/li>\n\n\n\n<li><p id=\"tw-target-text\" class=\"tw-data-text tw-text-large tw-ta\" dir=\"ltr\" data-placeholder=\"\u041f\u0440\u0435\u0432\u043e\u0434\" data-ved=\"2ahUKEwjuvu7Gk9uEAxVRgv0HHa4HAUEQ3ewLegQIEBAU\"><a href=\"https:\/\/konopljazdravi.si\/hr\/bolesti\/cbd-ulje-za-spavanje\/\"><span class=\"Y2IQFc\" lang=\"hr\">Poreme\u0107aji spavanja<\/span><\/a><\/p><\/li>\n\n\n\n<li><p><a href=\"https:\/\/konopljazdravi.si\/hr\/bolesti\/adhd\/\">ADHD<\/a><\/p><\/li>\n\n\n\n<li>Problemi s crijevima (konstipacija)<\/li>\n\n\n\n<li>Pretilost<\/li>\n\n\n\n<li><p id=\"tw-target-text\" class=\"tw-data-text tw-text-large tw-ta\" dir=\"ltr\" data-placeholder=\"\u041f\u0440\u0435\u0432\u043e\u0434\" data-ved=\"2ahUKEwjuvu7Gk9uEAxVRgv0HHa4HAUEQ3ewLegQIEBAU\"><span class=\"Y2IQFc\" lang=\"hr\"><a href=\"https:\/\/konopljazdravi.si\/hr\/bolesti\/anksioznost\/\">Anksioznost<\/a>, stres i pretjerana zabrinutost, <a href=\"https:\/\/konopljazdravi.si\/hr\/bolesti\/samolijecenje-depresije\/\">depresija<\/a>, bipolarni poreme\u0107aj<\/span><\/p><\/li>\n<\/ul>\n\n\n\n<h3 class=\"wp-block-heading\">Neki primjeri pona\u0161anja<\/h3>\n\n\n\n<h4 class=\"wp-block-heading\">Kod zapa\u017eanja<\/h4>\n\n\n\n<p>Mnogi autisti\u010dni ljudi previ\u0161e ili premalo reagiraju na svoju okolinu. U jednoj krajnosti mogu potpuno ignorirati ljude koji im ne\u0161to govore. Ali ponekad ih stvari koje su prili\u010dno tihe mogu uznemiriti.<\/p>\n\n\n\n<p>No, pa\u017enju im mogu omesti iznenadni zvukovi, poput glasne zvonjave telefona. Neki mogu pokriti u\u0161i i po\u010deti ponavljati ne\u0161to u sebi kako bi prigu\u0161ili zvuk.<\/p>\n\n\n\n<p>Izbjegavaju biti u na\u0161oj blizini, ali dodir s le\u0111a mo\u017ee ih iznenaditi. \u010cak ih i dodir odre\u0111ene teksture na tkanini mo\u017ee iznenaditi.<\/p>\n\n\n\n<h4 class=\"wp-block-heading\">Kod emocija<\/h4>\n\n\n\n<p>Mo\u017eemo ih percipirati kao emocionalno nestabilne osobe. Osobe s autizmom mogu imati zna\u010dajnih problema s suo\u010davanjem. Mo\u017ee se dogoditi da dijete po\u010dne plakati, vri\u0161tati ili ne\u0161to tre\u0107e.<\/p>\n\n\n\n<p>Ako ih izlo\u017eimo velikom stresu, mo\u017eemo iz njih izvu\u0107i agresivniju stranu. Mogu o\u0161tetiti predmete oko sebe, a neki mogu o\u0161tetiti i sebe.<\/p>\n\n\n\n<h4 class=\"wp-block-heading\">Kod razmi\u0161ljanja<\/h4>\n\n\n\n<p>Ono \u0161to je klju\u010dno, njihova inteligencija nije ravnomjerno raspore\u0111ena. Stoga \u010desto postoji razlika izme\u0111u ja\u010de strane verbalnog izra\u017eavanja i slabije strane neverbalnog (geste, grimase&#8230;).<\/p>\n\n\n\n<p>Te\u017ee im je razmi\u0161ljati na nekonkretnoj razini (apstraktno). Stvari vezane uz pam\u0107enje i promatranje izlaze izvan njihove kontrole.<\/p>\n\n\n\n<figure class=\"wp-block-embed is-type-video is-provider-youtube wp-block-embed-youtube wp-embed-aspect-16-9 wp-has-aspect-ratio\"><div class=\"wp-block-embed__wrapper\">\n<iframe title=\"ALI JE AVTIZEM OZDRAVLJIV?\" width=\"980\" height=\"551\" src=\"https:\/\/www.youtube.com\/embed\/Mzfdl4Uhbpk?feature=oembed\" frameborder=\"0\" allow=\"accelerometer; autoplay; clipboard-write; encrypted-media; gyroscope; picture-in-picture; web-share\" referrerpolicy=\"strict-origin-when-cross-origin\" allowfullscreen><\/iframe>\n<\/div><\/figure>\n\n\n\n<h3 class=\"wp-block-heading\">Znakovi autizma kod odraslih<\/h3>\n\n\n\n<p>Autizam kod starijih osoba je skriven.<\/p>\n\n\n\n<p>Mnogi odrasli koji mogu dobro funkcionirati nisu ni svjesni da imaju autizam. Te\u017ee im je uo\u010diti \u0161to drugi osje\u0107aju i misle.<\/p>\n\n\n\n<p>Odrasli su ve\u0107 imali toliko prilika nau\u010diti strategije suo\u010davanja, da su znakovi autizma mnogo manje vidljivi. Neki ljudi ih znaju dobro sakriti u dru\u0161tvu.<\/p>\n\n\n\n<p>Ipak, kod nekih je mogu\u0107e uo\u010diti pote\u0161ko\u0107e u odr\u017eavanju partnerskih i prijateljskih odnosa. Mogu\u0107i su problemi povezani s emocijama, \u0161to dovodi do anksioznosti i depresije. [<a href=\"https:\/\/www.nhs.uk\/conditions\/autism\/signs\/adults\/\" target=\"_blank\" rel=\"noopener\">izvor<\/a>]<\/p>\n\n\n\n<p>Osim toga, starije autisti\u010dne osobe:<\/p>\n\n\n\n<ul class=\"wp-block-list\">\n<li>osje\u0107aju veliku nelagodu kada se moraju dru\u017eiti u ve\u0107em krugu ljudi<\/li>\n\n\n\n<li>vrije\u0111aju nekoga bez namjere<\/li>\n\n\n\n<li>dr\u017ee se svoje dnevne rutine poput pijanca<\/li>\n\n\n\n<li>kontakt o\u010dima nije vidljiv<\/li>\n<\/ul>\n\n\n\n<p>\u017dene je te\u017ee prepoznati jer bolje &#8220;kopiraju&#8221; pona\u0161anja drugih \u017eena. Ti\u0161i su i skrivaju svoje emocije. One su bolje u dru\u0161tvenim situacijama od mu\u0161karaca.<\/p>\n\n\n\n<h2 class=\"wp-block-heading\">Kako se dijagnosticira poreme\u0107aj iz spektra autizma?<\/h2>\n\n\n\n<p>Tijek dijagnoze mo\u017ee biti prili\u010dno te\u017eak. Ne postoji medicinski test za autizam, kao npr. test krvi koji bi mogao bez gre\u0161ke pokazati stanje. Potrebno je osloniti se na promatranje.<\/p>\n\n\n\n<p>Dijagnoza se mo\u017ee postaviti oko 2. godine \u017eivota. Tada \u0107e vje\u0161tak ve\u0107 mo\u0107i donijeti klju\u010dne zaklju\u010dke. [<a href=\"https:\/\/pubmed.ncbi.nlm.nih.gov\/31843864\/\" target=\"_blank\" rel=\"noopener\">izvor<\/a>]<\/p>\n\n\n\n<p>\u010covjek se zapita za\u0161to je uop\u0107e dobro postavljati dijagnoze \u2013 za dodatnu pomo\u0107 i za lak\u0161i uspjeh u na\u0161em sustavu.<\/p>\n\n\n\n<p>Mo\u017eemo kontaktirati zdravstveni ili \u0161kolski sustav.<\/p>\n\n\n\n<h3 class=\"wp-block-heading\">Morat \u0107emo pratiti dijete<\/h3>\n\n\n\n<figure class=\"wp-block-image size-full\"><img decoding=\"async\" width=\"800\" height=\"300\" src=\"https:\/\/konopljazdravi.si\/app\/uploads\/2023\/11\/avtisticni-simbol.jpg\" alt=\"\" class=\"wp-image-448186\" srcset=\"https:\/\/konopljazdravi.si\/app\/uploads\/2023\/11\/avtisticni-simbol.jpg 800w, https:\/\/konopljazdravi.si\/app\/uploads\/2023\/11\/avtisticni-simbol-416x156.jpg 416w, https:\/\/konopljazdravi.si\/app\/uploads\/2023\/11\/avtisticni-simbol-300x113.jpg 300w, https:\/\/konopljazdravi.si\/app\/uploads\/2023\/11\/avtisticni-simbol-768x288.jpg 768w, https:\/\/konopljazdravi.si\/app\/uploads\/2023\/11\/avtisticni-simbol-610x229.jpg 610w, https:\/\/konopljazdravi.si\/app\/uploads\/2023\/11\/avtisticni-simbol-600x225.jpg 600w\" sizes=\"(max-width: 800px) 100vw, 800px\" \/><\/figure>\n\n\n\n<p>Prema prekretnicama koje je stru\u010dna znanost dosad utvrdila, potrebno je pratiti dijete. Na primjer, je li uspostavio kontakt o\u010dima sa 6 mjeseci.<a href=\"https:\/\/www.avtizem.net\/razvojni-mejniki\" target=\"_blank\" rel=\"noopener\"> Evo prekretnica<\/a>.<\/p>\n\n\n\n<p class=\"tw-data-text tw-text-large tw-ta\" id=\"tw-target-text\"><span class=\"Y2IQFc\" lang=\"hr\">Pratimo ga kada se igra, u\u010di, govori, kako se pona\u0161a&#8230; U tome nam mogu pomo\u0107i i bake i djedovi, te odgajatelji. u\u010ditelji. Tu su i telefonske aplikacije koje olak\u0161avaju pra\u0107enje doga\u0111anja. <a href=\"https:\/\/www.cdc.gov\/ncbddd\/actearly\/milestones-app.html\" target=\"_blank\" rel=\"noopener\">Primjer na engleskom<\/a>.<\/span><\/p>\n\n\n\n<p>Osim toga, tako\u0111er \u0107emo biti temeljito intervjuirani od strane medicinskih stru\u010dnjaka. Uglavnom u vezi s povije\u0161\u0107u psihi\u010dkih problema i onoga \u0161to smo uo\u010dili u razvoju djeteta.<\/p>\n\n\n\n<h3 class=\"wp-block-heading\">Test uz pomo\u0107 lije\u010dnika<\/h3>\n\n\n\n<p>\u010cak i tijekom redovitih lije\u010dni\u010dkih pregleda mo\u017ee se razgovarati o autizmu. Postoje posebni upitnici za usporedbu na\u0161eg djeteta s drugima. Ako se uo\u010de potencijalni problemi, mogu se o\u010dekivati \u200b\u200bredovitije kontrole kod lije\u010dnika. Na primjer sa:<\/p>\n\n\n\n<ul class=\"wp-block-list\">\n<li>9 mjeseci<\/li>\n\n\n\n<li>18 mjeseci<\/li>\n\n\n\n<li>30 mjeseci<\/li>\n<\/ul>\n\n\n\n<p>Sumnjate li na autizam, obavijestite o tome svog lije\u010dnika, kako biste mogli razmisliti o redovitijim i temeljitijim pregledima, koje su uobi\u010dajene za ovu dob. [<a href=\"https:\/\/www.cdc.gov\/ncbddd\/autism\/screening.html#ref\" target=\"_blank\" rel=\"noopener\">izvor<\/a>]<\/p>\n\n\n\n<h3 class=\"wp-block-heading\">Testovi stru\u010dnjaka<\/h3>\n\n\n\n<p>Tu dolazi doista temeljit pregled, gdje se spajaju znanja razli\u010ditih stru\u010dnjaka. Pregled mo\u017ee obaviti razvojni pedijatar, dje\u010dji psiholog, logoped, socijalni pedagog, socijalni radnik&#8230; Kona\u010dna dijagnoza postavlja se prikupljanjem razli\u010ditih pogleda na dijete.<\/p>\n\n\n\n<p>Roditelji \u0107e morati ispunjavati upitnike, odgovarati na pitanja, a dijete \u0107e biti testirano u raznim situacijama.<\/p>\n\n\n\n<ul class=\"wp-block-list\">\n<li>Dnevni zadaci (obla\u010denje, jelo, razgovor)<\/li>\n\n\n\n<li>Pona\u0161anje u razli\u010ditim okru\u017eenjima (igra, suradnja)<\/li>\n\n\n\n<li>Test inteligencije<\/li>\n\n\n\n<li>Procjena govora i jezika (govor i komunikacija)<\/li>\n\n\n\n<li>\u0160to su vje\u0161tine kretanja (fizioterapeut)<\/li>\n\n\n\n<li>Test sluha (osjetljivost na zvuk)<\/li>\n<\/ul>\n\n\n\n<p>Mo\u017ee se promatrati kako se igra i komunicira s drugim ljudima.<\/p>\n\n\n\n<p><a href=\"https:\/\/www.kclj.si\/index.php?dir=\/pacienti_in_obiskovalci\/klinike_in_oddelki\/pediatricna_klinika\/sluzba_za_otrosko_psihiatrijo\/ambulanta_za_avtizem\" target=\"_blank\" rel=\"noopener\">Ambulanta za autizam<\/a> nalazi se u Gradskoj dje\u010djoj bolnici u Ljubljani na adresi Ulica stare pravde 4. Naru\u010divanje je mogu\u0107e uz lije\u010dni\u010dku uputnicu.<\/p>\n\n\n\n<h2 class=\"wp-block-heading\">Lije\u010denje autizma CBD uljem<\/h2>\n\n\n\n<figure class=\"wp-block-image size-full\"><img decoding=\"async\" width=\"800\" height=\"300\" src=\"https:\/\/konopljazdravi.si\/app\/uploads\/2023\/11\/znak-za-avtisticni-sindrom.jpg\" alt=\"autisti\u010dni simbol\" class=\"wp-image-448188\" srcset=\"https:\/\/konopljazdravi.si\/app\/uploads\/2023\/11\/znak-za-avtisticni-sindrom.jpg 800w, https:\/\/konopljazdravi.si\/app\/uploads\/2023\/11\/znak-za-avtisticni-sindrom-416x156.jpg 416w, https:\/\/konopljazdravi.si\/app\/uploads\/2023\/11\/znak-za-avtisticni-sindrom-300x113.jpg 300w, https:\/\/konopljazdravi.si\/app\/uploads\/2023\/11\/znak-za-avtisticni-sindrom-768x288.jpg 768w, https:\/\/konopljazdravi.si\/app\/uploads\/2023\/11\/znak-za-avtisticni-sindrom-610x229.jpg 610w, https:\/\/konopljazdravi.si\/app\/uploads\/2023\/11\/znak-za-avtisticni-sindrom-600x225.jpg 600w\" sizes=\"(max-width: 800px) 100vw, 800px\" \/><\/figure>\n\n\n\n<p>Kori\u0161tenje CBD-a u svrhu lije\u010denja autizma isprva je rezultat roditelja djece s autizmom. Svi znamo da je stvar jako naporna i te\u0161ka \u010dak i sa strane roditelja, pa su probali i medicinski kooplju, pa tako i THC konoplju.<\/p>\n\n\n\n<p>Naravno, psihoaktivni THC ne bi se trebao eksperimentirati na ranjivoj djeci, pa je CBD puno bolja alternativa za to.<\/p>\n\n\n\n<p class=\"tw-data-text tw-text-large tw-ta\" id=\"tw-target-text\"><span class=\"Y2IQFc\" lang=\"hr\">Kod proizvoda punog spektra kao \u0161to je CBD ulje, dnevno se konzumira i ne\u0161to THC-a pa se takva terapija ne preporu\u010duje djeci. Ali \u0161to bismo trebali <a href=\"https:\/\/konopljazdravi.si\/hr\/cbd-ulje\/za-djecu\/\">misliti o samom CBD-u<\/a>?<\/span><\/p>\n\n\n\n<p>Ne poku\u0161avajte sami eksperimentirati.<\/p>\n\n\n\n<p class=\"tw-data-text tw-text-large tw-ta\" id=\"tw-target-text\"><strong><span class=\"Y2IQFc\" lang=\"hr\">Nalazi<\/span><\/strong><\/p>\n\n\n\n<ul class=\"wp-block-list\">\n<li>Naj\u010de\u0161\u0107e se pobolj\u0161anje vidi u interakcijama s ljudima i pona\u0161anju op\u0107enito.<\/li>\n\n\n\n<li>Istra\u017eivanja i dokazi o korisnosti kanabidiola se gomilaju.<\/li>\n\n\n\n<li>Prikladnost CBD-a za autizam ostaje uglavnom neutvr\u0111ena.<\/li>\n\n\n\n<li>Bit \u0107e potrebna dodatna istra\u017eivanja, a neke studije na ljudima koje koriste CBD i placebo ve\u0107 su provedene u tom smjeru (vi\u0161e u nastavku).<\/li>\n<\/ul>\n\n\n\n<p><strong>Svaka osoba ima cijeli sustav u tijelu na koji konoplja utje\u010de<\/strong><\/p>\n\n\n\n<div id=\"KnM9nf\" class=\"PZPZlf\" data-attrid=\"tw-sourceArea\" data-entityname=\"Google Translate\">\n<div id=\"tw-source\">\n<div id=\"tw-source-text-container\" class=\"tw-ta-container F0azHf tw-nfl\" data-ved=\"2ahUKEwjuvu7Gk9uEAxVRgv0HHa4HAUEQ3OwLegQIEBAK\">\n<div data-grammarly-part=\"highlights\">\n<div>\n<div>\n<div>Zovemo ga <a href=\"https:\/\/konopljazdravi.si\/hr\/konoplja\/endokanabinoidni-sustav\/\">endokanabinoidni sustav<\/a>, reagira na sli\u010dne molekule kao i konoplja, samo \u0161to ih znamo sami napraviti. Dalje, utje\u010de na u\u010denje, pam\u0107enje, tjelesnu temperaturu, upale&#8230; \u201cPokre\u0107u\u201d ga i konoplja i CBD.<\/div>\n<\/div>\n<\/div>\n<\/div>\n<\/div>\n<\/div>\n<\/div>\n\n\n\n<p>Kako je utjecaj konoplje povezan s autizmom?<\/p>\n\n\n\n<p>Dr. Karen Litwa i Ken Soderstorm sa Sveu\u010dili\u0161ta East Carolina proveli su istra\u017eivanje na sljede\u0107i na\u010din [<a href=\"https:\/\/www.technologynetworks.com\/neuroscience\/articles\/what-does-the-endocannabinoid-system-have-to-do-with-autism-spectrum-disorder-363597\" target=\"_blank\" rel=\"noopener\">izvor<\/a>]:<\/p>\n\n\n\n<ul class=\"wp-block-list\">\n<li>Djeca s autizmom imaju manji broj endokanabinoida u krvi (\u010destice sli\u010dne kanabinoidima koje mo\u017eemo sami proizvesti)<\/li>\n\n\n\n<li>Konzumacija marihuane tijekom trudno\u0107e pove\u0107ava mogu\u0107nost razvoja autizma<\/li>\n<\/ul>\n\n\n\n<h3 class=\"wp-block-heading\">Istra\u017eivanje<\/h3>\n\n\n\n<h4 class=\"wp-block-heading\">Po\u010deci lije\u010denja<\/h4>\n\n\n\n<p class=\"tw-data-text tw-text-large tw-ta\" id=\"tw-target-text\"><span class=\"Y2IQFc\" lang=\"hr\">Po\u010detkom 60-ih godina pro\u0161log stolje\u0107a <a href=\"https:\/\/en.wikipedia.org\/wiki\/Bernard_Rimland\" target=\"_blank\" rel=\"noopener\">dr. Bernard Rimland<\/a>, istra\u017eiva\u010d i psihijatar imao je autisti\u010dnog sina. Tako je prvi u poznatoj povijesti prakticirao ovo podru\u010dje s konopljom. Imao je \u010dak i vlastiti institut za istra\u017eivanje autizma.<\/span><\/p>\n\n\n\n<p>Rezultati su se uglavnom odnosili na \u010dinjenicu da je uspio smanjiti sljede\u0107e simptome kod djece:<\/p>\n\n\n\n<ul class=\"wp-block-list\">\n<li>agresivnost<\/li>\n\n\n\n<li><p><a href=\"https:\/\/konopljazdravi.si\/hr\/bolesti\/anksioznost\/\">anksioznost<\/a><\/p><\/li>\n\n\n\n<li>napadi panike<\/li>\n\n\n\n<li>izljevi bijesa<\/li>\n\n\n\n<li>Samoozlje\u0111ivanje<\/li>\n<\/ul>\n\n\n\n<p>Me\u0111utim, moramo re\u0107i da po svoj prilici nije kori\u0161tena industrijska konoplja s CBD-om, ve\u0107 ona vrsta koja vjerojatno izaziva psihoaktivnost. Tada nije znao da je <a href=\"https:\/\/konopljazdravi.si\/hr\/konoplja\/marihuana\/\">THC marihuana opasna za dje\u010dji mozak<\/a><\/p>\n\n\n\n<h4 class=\"wp-block-heading\">Istra\u017eivanje na 60 djece<\/h4>\n\n\n\n<p>U studiji iz 2021. polovica autisti\u010dne djece dobivala je CBD 12 tjedana, dok je druga polovica dobivala <strong>placebo<\/strong>. Njihova dob &#8211; od 5 do 11 godina. [<a href=\"https:\/\/pubmed.ncbi.nlm.nih.gov\/35617670\/\" target=\"_blank\" rel=\"noopener\">izvor<\/a>]<\/p>\n\n\n\n<p>Po\u010detna doza bila je 6 kapi ulja dnevno (3 mg CBD-a) i pove\u0107avana je za 2 kapi ulja 2 puta tjedno. Konzumirali su proizvod koji je sadr\u017eavao CBD i THC u omjeru 10:1. Ovo ulje je bilo prili\u010dno slabo i sadr\u017eavalo je 0,5% CBD-a. Ovaj omjer je najsli\u010dniji 2,5% CBD ulju.<\/p>\n\n\n\n<p>Dobili su do 70 CBD kapi ulja dnevno (0,5% CBD), a ako to pretvorimo u 5% CBD ulje, uzimali su najvi\u0161e 7 kapi ulja dnevno.<\/p>\n\n\n\n<p>Uo\u010dena su pobolj\u0161anja u podru\u010djima socijalizacije, anksioznosti, sposobnosti mirnog sjedenja, broja obroka i koncentracije. Potonje se pobolj\u0161alo samo u umjereno te\u0161kim slu\u010dajevima.<\/p>\n\n\n\n<p>Pri ovim dozama, nuspojave je imalo 9,7% djece &#8211; vrtoglavicu, nesanicu, gr\u010deve u trbuhu, debljanje.<\/p>\n\n\n\n<h4 class=\"wp-block-heading\">Istra\u017eivanje na 27 osoba<\/h4>\n\n\n\n<p>Godine 2023. istra\u017eiva\u010di su promatrali kako je 27 osoba reagiralo na konoplju. [<a href=\"https:\/\/www.thieme-connect.com\/products\/ejournals\/pdf\/10.1055\/s-0043-1774486.pdf\" target=\"_blank\" rel=\"noopener\">izvor<\/a>]<\/p>\n\n\n\n<p class=\"tw-data-text tw-text-large tw-ta\" id=\"tw-target-text\"><span class=\"Y2IQFc\" lang=\"hr\">Doze CBD ulja punog spektra primjenjivane su <strong>3 puta dnevno<\/strong>, po 5 kapi. Svaka kap ulja sadr\u017eavala je 18,8 mg CBD-a i 1,3 mg THC-a. Omjer je najsli\u010dniji 5% CBD ulju.<\/span><\/p>\n\n\n\n<p>Da bismo lak\u0161e zamislili, jedna takva kap jednaka je 12 kapi 5% CBD ulja. Dakle, pacijent je primio <strong>60 poznatijih CBD kapi ulja po dozi.<\/strong><\/p>\n\n\n\n<p>Do\u0161lo je do pozitivnih promjena na podru\u010dju komunikacije, socijalizacije i pona\u0161anja.<\/p>\n\n\n\n<p>Negativni promjene su nemir, pove\u0107an apetit i nervoza\/agresivnost.<\/p>\n\n\n\n<h4 class=\"wp-block-heading\">Istra\u017eivanje na 20 ljudi<\/h4>\n\n\n\n<p>U 2023. drugi su istra\u017eiva\u010di prou\u010davali 20 osoba s razli\u010ditim stupnjevima autizma. Odnos izme\u0111u njih se u me\u0111uvremenu promijenio. [<a href=\"https:\/\/www.frontiersin.org\/journals\/psychiatry\/articles\/10.3389\/fpsyt.2023.1210155\/full?fbclid=IwAR1mNFOfwEMlCyxMx0_dv34zpuW5iUBFvHJHst6L8ozUNMsbPMrnnAFd9JI\" target=\"_blank\" rel=\"noopener\">izvor<\/a>]<\/p>\n\n\n\n<p>Kvaliteta \u017eivota pobolj\u0161ana je u <strong>19 od 20 slu\u010dajeva<\/strong> &#8211; a time i za obitelji. Smanjena je agresivnost prema drugim ljudima, nelagoda u gu\u017evi, autisti\u010dne krize i izljevi bijesa.<\/p>\n\n\n\n<p>To je prva studija na ljudima koja je pokazala pozitivnu upotrebu kanabinoida za problem koji je vrlo te\u0161ko lije\u010diti na bilo koji na\u010din. Kada osoba nekontrolirano jede stvari sa zemlje &#8211; <strong>Pica bolest<\/strong>. 5 od 8 pokazalo je pobolj\u0161anje.<\/p>\n\n\n\n<p>Potrebno je vi\u0161e klini\u010dkih istra\u017eivanja.<\/p>\n\n\n\n<h3 class=\"wp-block-heading\">Primjer iz prakse<\/h3>\n\n\n\n<p>KS, dijete s vrlo te\u0161kim oblikom autizma koje uop\u0107e nije moglo govoriti, progovorilo je nakon \u0161to je dva puta dnevno koristilo kanabinoidni sprej, rekla je dr. Giovanni Martinez, klini\u010dki psiholog iz Portorika.<\/p>\n\n\n\n<p>\u201cPo\u010deo je koristiti ovaj proizvod prije tri tjedna. Bio je potpuno neverbalni pacijent. Mogao je samo proizvoditi zvukove. Jedina promjena u njegovom lije\u010denju bio je dodatak CBD-a.\u201d Roditelji su tada sami nastavili lije\u010denje. dr. Martinez je provela vlastito istra\u017eivanje o CBD-u i potom ga podijelila sa roditeljima.<\/p>\n\n\n\n<p>&#8220;Vrlo sam impresionirana sposobno\u0161\u0107u govora koju je stekao&#8221;, dodala je. dr. Martinez, koja je tako\u0111er primijetila da je KS, kada nije mogao komunicirati, postao razdra\u017eljiv zbog svojih frustracija, ali kada se njegova sposobnost komunikacije pobolj\u0161ala, njegovo pona\u0161anje se u isto vrijeme pobolj\u0161alo.<\/p>\n\n\n\n<p>\u201cNasmije\u0161i se svaki put kad \u010duje svoj glas\u201d, dodala je dr. Martinez.<\/p>\n\n\n\n<p>Strani forum sadr\u017ei mnogo vi\u0161e takvih anegdotskih pri\u010da (izvan studija).<\/p>\n\n\n<div class='kz-block-product'><ul class='products columns-1'><li class=\"product type-product post-520366 status-publish first instock product_cat-cbd-ulje has-post-thumbnail shipping-taxable purchasable product-type-simple\">\n\t<a href=\"https:\/\/konopljazdravi.si\/hr\/bolesti\/autizam\/\" class=\"woocommerce-LoopProduct-link woocommerce-loop-product__link\"><img decoding=\"async\" width=\"324\" height=\"324\" src=\"https:\/\/konopljazdravi.si\/app\/uploads\/2024\/02\/7-odstotne-cbd-kapljice-dr-gosar-324x324.jpg\" class=\"attachment-woocommerce_thumbnail size-woocommerce_thumbnail\" alt=\"Bio CBD ulje 7 %, dr. Gosar [20 ml] \u2013 sa farme\" srcset=\"https:\/\/konopljazdravi.si\/app\/uploads\/2024\/02\/7-odstotne-cbd-kapljice-dr-gosar-324x324.jpg 324w, https:\/\/konopljazdravi.si\/app\/uploads\/2024\/02\/7-odstotne-cbd-kapljice-dr-gosar-300x300.jpg 300w, https:\/\/konopljazdravi.si\/app\/uploads\/2024\/02\/7-odstotne-cbd-kapljice-dr-gosar-150x150.jpg 150w, https:\/\/konopljazdravi.si\/app\/uploads\/2024\/02\/7-odstotne-cbd-kapljice-dr-gosar-768x768.jpg 768w, https:\/\/konopljazdravi.si\/app\/uploads\/2024\/02\/7-odstotne-cbd-kapljice-dr-gosar-416x416.jpg 416w, https:\/\/konopljazdravi.si\/app\/uploads\/2024\/02\/7-odstotne-cbd-kapljice-dr-gosar-100x100.jpg 100w, https:\/\/konopljazdravi.si\/app\/uploads\/2024\/02\/7-odstotne-cbd-kapljice-dr-gosar.jpg 1000w\" sizes=\"(max-width: 324px) 100vw, 324px\" \/>                        <div class=\"product__content\">\n        <h2 class=\"woocommerce-loop-product__title\">Autizam: Test, znakovi, lije\u010denje i dijagnoza [Djeca, Odrasli]<\/h2>        <span class=\"product__attribute\">20ml, 1000mg CBD<\/span>\n        <div class=\"star-rating\" role=\"img\" aria-label=\"Ocjenjeno 4.85 od 5\">        <div class=\"kz-icon-rating\">\n            <span class='icon icon--small '><svg width=\"12\" height=\"12\" viewBox=\"0 0 12 12\" fill=\"none\" xmlns=\"http:\/\/www.w3.org\/2000\/svg\">\n<g id=\"star\">\n<path id=\"Path\" d=\"M8.78038 10.5C8.70042 10.5003 8.62155 10.4814 8.55038 10.445L6.00038 9.10998L3.45038 10.445C3.28145 10.5338 3.07668 10.5187 2.9226 10.4061C2.76851 10.2934 2.692 10.1029 2.72538 9.91498L3.22538 7.09998L1.16538 5.09998C1.03441 4.96928 0.986325 4.77694 1.04038 4.59998C1.0995 4.41869 1.25659 4.28681 1.44538 4.25998L4.29538 3.84498L5.55038 1.27998C5.63393 1.10748 5.80872 0.997925 6.00038 0.997925C6.19204 0.997925 6.36684 1.10748 6.45038 1.27998L7.72038 3.83998L10.5704 4.25498C10.7592 4.28181 10.9163 4.41369 10.9754 4.59498C11.0294 4.77194 10.9814 4.96428 10.8504 5.09498L8.79038 7.09498L9.29038 9.90998C9.32683 10.1014 9.24877 10.2965 9.09038 10.41C8.99984 10.4734 8.89082 10.5051 8.78038 10.5Z\" fill=\"#F7C623\"\/>\n<\/g>\n<\/svg>\n<\/span>            <span class=\"kz-icon-rating__rating\">\n                    4.9\/5.0                <\/span>\n            <span class=\"kz-icon-rating__dot\">\n                \u00b7\n            <\/span>\n                            <span class=\"kz-icon-rating__count-text\">\n                        52 ocjen                    <\/span>\n                    <\/div>\n        <\/div>                <div class=\"product__points\">\n            <ul><li>Puni spektar<\/li><li>Prirodno iz SLO<\/li><li>Maksimalni THC<\/li><ul>        <\/div>\n            \n\t<span class=\"price\"><span class=\"woocommerce-Price-amount amount\"><bdi class=\"woocommerce-Price-bidi\">29,90<span class=\"woocommerce-Price-currencySymbol\">&euro;<\/span><\/bdi><\/span><\/span>\n<span class=\"gtm4wp_productdata\" style=\"display:none; visibility:hidden;\" data-gtm4wp_product_data=\"{&quot;internal_id&quot;:520366,&quot;item_id&quot;:520366,&quot;item_name&quot;:&quot;Bio CBD ulje 7 %, dr. Gosar [20 ml] \\u2013 sa farme&quot;,&quot;sku&quot;:&quot;konop-cbdgosar5&quot;,&quot;price&quot;:29.89999999999999857891452847979962825775146484375,&quot;stocklevel&quot;:null,&quot;stockstatus&quot;:&quot;instock&quot;,&quot;google_business_vertical&quot;:&quot;retail&quot;,&quot;item_category&quot;:&quot;CBD ulje&quot;,&quot;id&quot;:520366,&quot;productlink&quot;:&quot;https:\\\/\\\/konopljazdravi.si\\\/hr\\\/bolesti\\\/autizam\\\/&quot;,&quot;item_list_name&quot;:&quot;General Product List&quot;,&quot;index&quot;:1,&quot;product_type&quot;:&quot;simple&quot;,&quot;item_brand&quot;:&quot;&quot;}\"><\/span>        <\/div>\n        <\/a><\/li>\n<\/ul><\/div>\n\n\n<h4 class=\"wp-block-heading\">Jo\u0161 nekoliko zapa\u017eanja<\/h4>\n\n\n\n<p>Za djecu se preporu\u010duju infuzije <a href=\"https:\/\/konopljazdravi.si\/hr\/proizvodi\/cbd-ulje\/\">CBD ulja<\/a>, glicerinske tinkture, sublingvalni proizvodi i \u010disti koncentrati bez alkoholnih tinktura. CBD ulje se mo\u017ee uzimati samostalno ili u kombinaciji s jogurtom ili nekom drugom hranom.<\/p>\n\n\n\n<p>Koncentrati se mogu mije\u0161ati s hranom, kao \u0161to je maslac od ora\u0161astih plodova u obliku kapsula ili preformulirati u tablete prilago\u0111ene djeci.<\/p>\n\n\n\n<p>U navedenim istra\u017eivanjima kori\u0161tena je <a href=\"https:\/\/konopljazdravi.si\/hr\/konoplja\/industrijska-medicinska-indijska\/\">konoplja<\/a> u omjeru CBD:THC = 20:1 te, \u0161to je najprikladnije u Sloveniji, 5% CBD ulje koje ima zakonski definiranih 0,2% THC-a. Osim toga, kori\u0161teno je 2,5% i 0,5% CBD ulje.<\/p>\n\n\n\n<p>Ako kao odrasla osoba \u017eelite isprobati CBD ulje, preporu\u010dujemo <a href=\"https:\/\/konopljazdravi.si\/hr\/proizvod\/dr-gosar-bio-5\/\">CBD konopljine ulje Dr. Gosar.<\/a><\/p>\n\n\n\n<p class=\"tw-data-text tw-text-large tw-ta\" id=\"tw-target-text\"><span class=\"Y2IQFc\" lang=\"hr\"><a href=\"https:\/\/konopljazdravi.si\/hr\/konoplja\/vaporizer-za-konoplju\/\">Vaporizeri konoolje<\/a> nisu obuhva\u0107eni u studijama.<\/span><\/p>\n\n\n\n<p>Povezano:<\/p>\n\n\n\n<ul class=\"wp-block-list\">\n<li><p id=\"tw-target-text\" class=\"tw-data-text tw-text-large tw-ta\" dir=\"ltr\" data-placeholder=\"\u041f\u0440\u0435\u0432\u043e\u0434\" data-ved=\"2ahUKEwjuvu7Gk9uEAxVRgv0HHa4HAUEQ3ewLegQIEBAU\"><span class=\"Y2IQFc\" lang=\"hr\">\u0160to mogu lije\u010diti konoplja i CBD ulje: <a href=\"https:\/\/konopljazdravi.si\/hr\/cbd-ulje\/konoplje\/\">https:\/\/konopljazdravi.si\/hr\/cbd-ulje\/konoplje\/<\/a><\/span><\/p><\/li>\n\n\n\n<li><p>Koliko je bolje bio CBD ulje: <a href=\"https:\/\/konopljazdravi.si\/hr\/cbd-ulje\/bio\/\">https:\/\/konopljazdravi.si\/hr\/cbd-ulje\/bio\/<\/a><\/p><\/li>\n<\/ul>\n\n\n\n<h2 class=\"wp-block-heading\">Sa\u017eetak<\/h2>\n\n\n\n<p>Ako \u017eelimo odgovoriti na pitanje \u0161to je autizam, moramo istaknuti nekoliko razli\u010ditih stvari. Naime, autizam nije jedan poreme\u0107aj, ve\u0107 spektar usko povezanih poreme\u0107aja sa zajedni\u010dkom jezgrom kombiniranih simptoma.<\/p>\n\n\n\n<p>Stoga, autizam je slo\u017een neurobihevioralni poreme\u0107aj sa \u0161irokim spektrom ozbiljnosti bolesti, od manjih problema do razine na kojoj je potrebna institucionalna skrb. Autizam karakteriziraju pote\u0161ko\u0107e u dru\u0161tvenim, jezi\u010dnim i komunikacijskim vje\u0161tinama, koje su \u010desto slo\u017eene specifi\u010dnim i ponavljaju\u0107im obrascima pona\u0161anja.<\/p>\n\n\n\n<p>Je li mogu\u0107e izlije\u010diti autizam? Konoplja i CDB ulje, me\u0111utim, mogu pomo\u0107i u ubla\u017eavanju simptoma.<\/p>\n\n\n\n<h2 class=\"wp-block-heading\">\u010cesto postavljana pitanja<\/h2>\n\n\n\n<h3 class=\"wp-block-heading\">Ali je avtizem ozdravljiv?<\/h3>\n\n\n\n<p>Avtizma ni mogo\u010de ozdraviti, izbolj\u0161amo lahko zgolj simptome in povi\u0161amo kakovost \u017eivljenja. Pomembna je zgodnja intervencija.<\/p>\n\n\n\n<h3 class=\"wp-block-heading\">Kaj povzro\u010da avtizem?<\/h3>\n\n\n\n<p>Gre za povezavo treh dejavnikov. Dednost, nepravilnosti v strukturi in delovanju mo\u017eganov in okolje v smislu nose\u010dnosti v starej\u0161em obdobju in izpostavljenosti kemikalijam.<\/p>\n\n\n\n<h3 class=\"wp-block-heading\">Zakaj nara\u0161\u010da \u0161tevilo avtistov?<\/h3>\n\n\n\n<p>Zaradi \u0161ir\u0161e prepoznavnosti, spremenjenih diagnosti\u010dnih kriterijev, pove\u010dane ozave\u0161\u010denosti ter genetski in okoljski dejavniki sodobne dru\u017ebe (nose\u010dnost v starej\u0161i dobi).<\/p>\n","protected":false},"excerpt":{"rendered":"<p>U vodi\u010du \u0107emo pobli\u017ee prou\u010diti autizam. Koji su znakovi, mo\u017eemo li napraviti pretragu i kako lije\u010dnik postavlja dijagnozu, te kako se provodi lije\u010denje. \u0160to je autizam i tko je to\u010dno autist? Autizam je cjelo\u017eivotni razvojni poreme\u0107aj koji se najvi\u0161e o\u010dituje u problemima komunikacije i pona\u0161anja. Svaki pojedinac iz spektra autizma ima problema sa socijalnom interakcijom, [&hellip;]<\/p>\n","protected":false},"author":1,"featured_media":0,"comment_status":"open","ping_status":"open","sticky":false,"template":"","format":"standard","meta":{"inline_featured_image":false,"footnotes":""},"categories":[30],"tags":[],"class_list":["post-481369","post","type-post","status-publish","format-standard","hentry","category-bolesti"],"acf":[],"_links":{"self":[{"href":"https:\/\/konopljazdravi.si\/hr\/wp-json\/wp\/v2\/posts\/481369","targetHints":{"allow":["GET"]}}],"collection":[{"href":"https:\/\/konopljazdravi.si\/hr\/wp-json\/wp\/v2\/posts"}],"about":[{"href":"https:\/\/konopljazdravi.si\/hr\/wp-json\/wp\/v2\/types\/post"}],"author":[{"embeddable":true,"href":"https:\/\/konopljazdravi.si\/hr\/wp-json\/wp\/v2\/users\/1"}],"replies":[{"embeddable":true,"href":"https:\/\/konopljazdravi.si\/hr\/wp-json\/wp\/v2\/comments?post=481369"}],"version-history":[{"count":5,"href":"https:\/\/konopljazdravi.si\/hr\/wp-json\/wp\/v2\/posts\/481369\/revisions"}],"predecessor-version":[{"id":521813,"href":"https:\/\/konopljazdravi.si\/hr\/wp-json\/wp\/v2\/posts\/481369\/revisions\/521813"}],"wp:attachment":[{"href":"https:\/\/konopljazdravi.si\/hr\/wp-json\/wp\/v2\/media?parent=481369"}],"wp:term":[{"taxonomy":"category","embeddable":true,"href":"https:\/\/konopljazdravi.si\/hr\/wp-json\/wp\/v2\/categories?post=481369"},{"taxonomy":"post_tag","embeddable":true,"href":"https:\/\/konopljazdravi.si\/hr\/wp-json\/wp\/v2\/tags?post=481369"}],"curies":[{"name":"wp","href":"https:\/\/api.w.org\/{rel}","templated":true}]}}